{"id":2589,"date":"2024-01-04T09:33:19","date_gmt":"2024-01-04T08:33:19","guid":{"rendered":"http:\/\/sm-autosan.pl\/?p=2589"},"modified":"2024-01-04T09:33:58","modified_gmt":"2024-01-04T08:33:58","slug":"zmiana-sposobu-gromadzenia-szkla","status":"publish","type":"post","link":"http:\/\/sm-autosan.pl\/?p=2589","title":{"rendered":"Zmiana sposobu gromadzenia szk\u0142a"},"content":{"rendered":"<h3><span style=\"color: #000000;\">Wydzia\u0142 Gospodarki Komunalnej i Ochrony \u015arodowiska w Urz\u0119dzie Miasta Sanoka informuje, \u017ce z dniem\u00a0\u00a0\u00a0\u00a0\u00a0\u00a0\u00a0\u00a0\u00a0\u00a0\u00a0 2 stycznia 2024r. nast\u0119puje zmiana w sposobie gromadzenia szk\u0142a. Do ko\u0144ca 2023r. szk\u0142o zbierane by\u0142o z podzia\u0142em na szk\u0142o bezbarwne i kolorowe. Od stycznia 2024r. szk\u0142o zbierane b\u0119dzie \u0142\u0105cznie w jednym worku\/POJEMNIKU koloru zielonego (bez podzia\u0142u na szk\u0142o kolorowe i szk\u0142o bezbarwne).<\/span><\/h3>\n<h4 style=\"text-align: center;\"><a href=\"http:\/\/sm-autosan.pl\/wp-content\/uploads\/2024\/01\/zmiana-regulamin2023.pdf\"><span style=\"color: #ff0000;\">Zmiana regulaminu<\/span><\/a><\/h4>\n<h4 style=\"text-align: center;\"><a href=\"http:\/\/sm-autosan.pl\/wp-content\/uploads\/2024\/01\/zmiana-szczegolowa2023-2.pdf\"><span style=\"color: #ff0000;\">Zmiana szczeg\u00f3\u0142owa<\/span><\/a><\/h4>\n","protected":false},"excerpt":{"rendered":"<p>Wydzia\u0142 Gospodarki Komunalnej i Ochrony \u015arodowiska w Urz\u0119dzie Miasta Sanoka informuje, \u017ce z dniem\u00a0\u00a0\u00a0\u00a0\u00a0\u00a0\u00a0\u00a0\u00a0\u00a0\u00a0 2 stycznia 2024r. nast\u0119puje zmiana w<\/p>\n","protected":false},"author":4,"featured_media":0,"comment_status":"closed","ping_status":"closed","sticky":false,"template":"","format":"standard","meta":[],"categories":[1],"tags":[],"aioseo_notices":[],"_links":{"self":[{"href":"http:\/\/sm-autosan.pl\/index.php?rest_route=\/wp\/v2\/posts\/2589"}],"collection":[{"href":"http:\/\/sm-autosan.pl\/index.php?rest_route=\/wp\/v2\/posts"}],"about":[{"href":"http:\/\/sm-autosan.pl\/index.php?rest_route=\/wp\/v2\/types\/post"}],"author":[{"embeddable":true,"href":"http:\/\/sm-autosan.pl\/index.php?rest_route=\/wp\/v2\/users\/4"}],"replies":[{"embeddable":true,"href":"http:\/\/sm-autosan.pl\/index.php?rest_route=%2Fwp%2Fv2%2Fcomments&post=2589"}],"version-history":[{"count":4,"href":"http:\/\/sm-autosan.pl\/index.php?rest_route=\/wp\/v2\/posts\/2589\/revisions"}],"predecessor-version":[{"id":2597,"href":"http:\/\/sm-autosan.pl\/index.php?rest_route=\/wp\/v2\/posts\/2589\/revisions\/2597"}],"wp:attachment":[{"href":"http:\/\/sm-autosan.pl\/index.php?rest_route=%2Fwp%2Fv2%2Fmedia&parent=2589"}],"wp:term":[{"taxonomy":"category","embeddable":true,"href":"http:\/\/sm-autosan.pl\/index.php?rest_route=%2Fwp%2Fv2%2Fcategories&post=2589"},{"taxonomy":"post_tag","embeddable":true,"href":"http:\/\/sm-autosan.pl\/index.php?rest_route=%2Fwp%2Fv2%2Ftags&post=2589"}],"curies":[{"name":"wp","href":"https:\/\/api.w.org\/{rel}","templated":true}]}}