{"id":1444,"date":"2020-01-03T09:07:29","date_gmt":"2020-01-03T08:07:29","guid":{"rendered":"http:\/\/sm-autosan.pl\/?p=1444"},"modified":"2022-12-20T19:20:32","modified_gmt":"2022-12-20T18:20:32","slug":"informacja-na-temat-obowiazku-segregowania-odpadow","status":"publish","type":"post","link":"http:\/\/sm-autosan.pl\/?p=1444","title":{"rendered":"Informacja na temat obowi\u0105zku segregowania odpad\u00f3w !!!"},"content":{"rendered":"<h2 style=\"text-align: center;\"><span style=\"color: #000000;\"><strong>INFORMACJA<br \/>\n<\/strong><\/span><\/h2>\n<p style=\"text-align: center;\"><span style=\"color: #000000;\"><strong>SP\u00d3\u0141DZIELNIA MIESZKANIOWA \u201eAUTOSAN\u201d PRZYPOMINA MIESZKA\u0143COM <\/strong><\/span><\/p>\n<p style=\"text-align: center;\"><span style=\"color: #000000;\"><strong>O KONIECZNO\u015aCI&nbsp; I O OBOWI\u0104ZKU SEGREGOWANIA ODPAD\u00d3W .<\/strong><\/span><\/p>\n<p style=\"text-align: center;\"><span style=\"color: #000000;\"><strong>NADMIENIAMY, \u017bE ZGODNIE Z UCHWA\u0141\u0104 RADY MIASTA SANOKA <\/strong><\/span><\/p>\n<p style=\"text-align: center;\"><span style=\"color: #000000;\"><strong>NR XXII\/159\/19 Z DNIA 19 GRUDNIA 2019 ROKU, <\/strong><\/span><\/p>\n<p style=\"text-align: center;\"><span style=\"color: #000000;\"><strong>W OP\u0141ACIE CZYNSZOWEJ OD MIESI\u0104CA STYCZNIA 2020 R., ZASTOSOWANA JEST STAWKA W KWOCIE 23,00 Z\u0141 NA OSOB\u0118 ZA ODPADY SEGREGOWANE. <\/strong><\/span><\/p>\n<p style=\"text-align: center;\"><span style=\"color: #000000;\">Informujemy r\u00f3wnie\u017c, \u017ce zgodnie z &nbsp;\u00a72 pkt.2 w\/w Uchwa\u0142y, w przypadku stwierdzenia przez osoby kontroluj\u0105ce, powo\u0142ane przez Burmistrza Miasta Sanoka, w odpadach zmieszanych gromadzenia odpad\u00f3w podlegaj\u0105cych segregacji , zostanie naliczona przez Gmin\u0119 Miasta Sanoka op\u0142ata podwy\u017cszona <strong>w wysoko\u015bci 46,00 z\u0142<\/strong> dla wszystkich mieszka\u0144c\u00f3w Sp\u00f3\u0142dzielni.<\/span><\/p>\n<p style=\"text-align: center;\"><span style=\"color: #000000;\"><strong>PROSIMY ZATEM O SEGREGOWANIE ODPAD\u00d3W , <\/strong><\/span><\/p>\n<p style=\"text-align: center;\"><span style=\"color: #000000;\"><strong>W CELU UNIKNI\u0118CIA NALICZENIA PODWY\u017bSZONYCH OP\u0141AT.<\/strong><\/span><\/p>\n<p>&nbsp;<\/p>\n<p><span style=\"color: #000000;\"><strong>&nbsp;INFORMACJE JAK SEGREGOWA\u0106 ODPADY ZNAJDUJ\u0104 SI\u0118 NA TABLICACH UMIESZCZONYCH&nbsp; NA WIATACH \u015aMIETNIKOWYCH<br \/>\n<\/strong><\/span><\/p>\n<p><a href=\"http:\/\/sm-autosan.pl\/wp-content\/uploads\/2020\/01\/IMG_20200122_0826361.jpg\"><img decoding=\"async\" loading=\"lazy\" class=\" wp-image-1470\" src=\"http:\/\/sm-autosan.pl\/wp-content\/uploads\/2020\/01\/IMG_20200122_0826361-300x225.jpg\" alt=\"\" width=\"282\" height=\"211\" srcset=\"http:\/\/sm-autosan.pl\/wp-content\/uploads\/2020\/01\/IMG_20200122_0826361-300x225.jpg 300w, http:\/\/sm-autosan.pl\/wp-content\/uploads\/2020\/01\/IMG_20200122_0826361-768x576.jpg 768w, http:\/\/sm-autosan.pl\/wp-content\/uploads\/2020\/01\/IMG_20200122_0826361-1024x768.jpg 1024w, http:\/\/sm-autosan.pl\/wp-content\/uploads\/2020\/01\/IMG_20200122_0826361-320x240.jpg 320w\" sizes=\"(max-width: 282px) 100vw, 282px\" \/><\/a><\/p>\n<p><span style=\"color: #000000;\"><strong>LUB W PONI\u017bSZYCH LINKACH<\/strong><\/span><\/p>\n<p><span style=\"color: #ff0000;\"><a href=\"http:\/\/sm-autosan.pl\/wp-content\/uploads\/2020\/01\/smieci-segragacok___2020-01-20_135625.jpg\"><span style=\"color: #ff0000;\">SEGREGACJA 1<\/span><\/a><\/span><\/p>\n<p><span style=\"color: #ff0000;\"><a href=\"http:\/\/sm-autosan.pl\/wp-content\/uploads\/2020\/01\/smieci-segragacok___2020-01-20_135620.jpg\"><span style=\"color: #ff0000;\">SEGREGACJA 2<\/span><\/a><\/span><\/p>\n","protected":false},"excerpt":{"rendered":"<p>INFORMACJA SP\u00d3\u0141DZIELNIA MIESZKANIOWA \u201eAUTOSAN\u201d PRZYPOMINA MIESZKA\u0143COM O KONIECZNO\u015aCI&nbsp; I O OBOWI\u0104ZKU SEGREGOWANIA ODPAD\u00d3W . NADMIENIAMY, \u017bE ZGODNIE Z UCHWA\u0141\u0104 RADY<\/p>\n","protected":false},"author":4,"featured_media":1467,"comment_status":"closed","ping_status":"closed","sticky":false,"template":"","format":"standard","meta":[],"categories":[358],"tags":[],"aioseo_notices":[],"_links":{"self":[{"href":"http:\/\/sm-autosan.pl\/index.php?rest_route=\/wp\/v2\/posts\/1444"}],"collection":[{"href":"http:\/\/sm-autosan.pl\/index.php?rest_route=\/wp\/v2\/posts"}],"about":[{"href":"http:\/\/sm-autosan.pl\/index.php?rest_route=\/wp\/v2\/types\/post"}],"author":[{"embeddable":true,"href":"http:\/\/sm-autosan.pl\/index.php?rest_route=\/wp\/v2\/users\/4"}],"replies":[{"embeddable":true,"href":"http:\/\/sm-autosan.pl\/index.php?rest_route=%2Fwp%2Fv2%2Fcomments&post=1444"}],"version-history":[{"count":6,"href":"http:\/\/sm-autosan.pl\/index.php?rest_route=\/wp\/v2\/posts\/1444\/revisions"}],"predecessor-version":[{"id":2377,"href":"http:\/\/sm-autosan.pl\/index.php?rest_route=\/wp\/v2\/posts\/1444\/revisions\/2377"}],"wp:featuredmedia":[{"embeddable":true,"href":"http:\/\/sm-autosan.pl\/index.php?rest_route=\/wp\/v2\/media\/1467"}],"wp:attachment":[{"href":"http:\/\/sm-autosan.pl\/index.php?rest_route=%2Fwp%2Fv2%2Fmedia&parent=1444"}],"wp:term":[{"taxonomy":"category","embeddable":true,"href":"http:\/\/sm-autosan.pl\/index.php?rest_route=%2Fwp%2Fv2%2Fcategories&post=1444"},{"taxonomy":"post_tag","embeddable":true,"href":"http:\/\/sm-autosan.pl\/index.php?rest_route=%2Fwp%2Fv2%2Ftags&post=1444"}],"curies":[{"name":"wp","href":"https:\/\/api.w.org\/{rel}","templated":true}]}}